{"id":2563,"date":"2022-12-07T11:55:32","date_gmt":"2022-12-07T09:55:32","guid":{"rendered":"https:\/\/www.do-xs.de\/doku-klasse\/?p=2563"},"modified":"2023-02-15T15:04:48","modified_gmt":"2023-02-15T13:04:48","slug":"das-bild-in-der-hand","status":"publish","type":"post","link":"https:\/\/www.do-xs.de\/documasterclass\/das-bild-in-der-hand\/","title":{"rendered":"Das Bild in der Hand"},"content":{"rendered":"<p><b>2017 waren Andreas Bolm und Gerd Breiter mit \u201cMein letztes Video\u201d zu Gast in der doku.klasse. Darin portr\u00e4tieren sie einen erfolgreichen YouTuber. Im Rahmen des von der Duisburger Filmwoche und doxs! gemeinsam veranstalteten 3sat Extras \u201eDas Bild in der Hand\u201c gab es im November 2022 ein Wiedersehen mit Andreas Bolm. Ausz\u00fcge aus dem Gespr\u00e4chsprotokoll.<\/b><\/p>\n<p><span style=\"font-weight: 400;\"> <a href=\"https:\/\/www.do-xs.de\/doku-klasse\/wp-content\/uploads\/FAVE3.jpg\"><img loading=\"lazy\" decoding=\"async\" class=\"aligncenter size-medium wp-image-2565\" src=\"https:\/\/www.do-xs.de\/doku-klasse\/wp-content\/uploads\/FAVE3-400x267.jpg\" alt=\"\" width=\"400\" height=\"267\" srcset=\"https:\/\/www.do-xs.de\/documasterclass\/wp-content\/uploads\/FAVE3-400x267.jpg 400w, https:\/\/www.do-xs.de\/documasterclass\/wp-content\/uploads\/FAVE3.jpg 1200w, https:\/\/www.do-xs.de\/documasterclass\/wp-content\/uploads\/FAVE3-768x512.jpg 768w, https:\/\/www.do-xs.de\/documasterclass\/wp-content\/uploads\/FAVE3-840x560.jpg 840w\" sizes=\"auto, (max-width: 400px) 100vw, 400px\" \/><\/a><\/span><\/p>\n<p><span style=\"font-weight: 400;\">Schon immer war die Medienkompetenz von Protagonist*innen eine Herausforderung dokumentarischen Arbeitens \u2013 durch die Omnipr\u00e4senz und Demokratisierung der Bilder in den Sozialen Medien hat sie eine neue Qualit\u00e4t erreicht. Wie gehen Dokumentarfilmer*innen damit um? Wie und wie so jemanden portr\u00e4tieren, der bereits eigenst\u00e4ndig ein Bild von sich in die Welt sendet? Welches Potenzial liegt in der vermeintlichen Konkurrenz der Bildregime?\u00a0<\/span><\/p>\n<p><span style=\"font-weight: 400;\">Diese Fragen diskutieren Andreas Bolm und die Editorin Yana H\u00f6hnerbach (<\/span><b>Searching Eva<\/b><span style=\"font-weight: 400;\">) in dem 3sat Extra <\/span><b>Das Bild in der Hand. Dokumentarische Zug\u00e4nge zum Bildregime Social Media<\/b><span style=\"font-weight: 400;\">, das von der SPIEGEL-Redakteurin Hannah Pilarczyk moderiert wird.<\/span><\/p>\n<p><span style=\"font-weight: 400;\">\u00a0<\/span><span style=\"font-weight: 400;\">Nach einem Ausschnitt aus <\/span><b>Mein letztes Video<\/b><span style=\"font-weight: 400;\">, in dem die Hauptfigur Anton sagt, sie wolle Regisseur werden, fragt Pilarczyk Bolm: \u201eWie begegnet man einem Protagonisten, der eigentlich schon Regisseur ist?\u201c Bolm war bis zu einem gewissen Grad eher neugierig an Anton. Er hat sich sehr viel mit Fiktion und Inszenierung von Social Media auseinandergesetzt. Anton ist Profi in dieser Selbstdarstellung. \u201eIn welchen Momenten hat Anton kontrolliert?\u201c will Pilarczyk wissen. Bolm: \u201eIn allen.\u201c Manchmal hat er versucht, ihn ein bisschen aufs Glatteis zu f\u00fchren.<\/span><\/p>\n<p><span style=\"font-weight: 400;\">Anton sagte: \u201eMan kann alles machen, man muss es nur wollen\u201c. Bolm und sein Co-Regisseur und Kameramann Gerd Breiter wollten dies hinterfragen im Konzept, aber der Plan ging nicht auf. Man h\u00e4tte sich auch eine Schauspielrolle f\u00fcr Anton ausdenken k\u00f6nnen, er w\u00e4re daf\u00fcr bereit gewesen.<\/span><\/p>\n<p><span style=\"font-weight: 400;\">Ein weiterer Ausschnitt aus dem Film zeigt den Protagonisten, wie er seinen Karrierewechsel in Hollywood anstrebt. Als er diese Entscheidung f\u00fcr seine Follower*innen auf einer Wohnungsterrasse aufzeichnet, filmt ihn das Filmteam. Man h\u00f6rt Hubschrauber und Polizeisirenen. Anton: \u201eVon daher \u2013 Los Angeles wird gelebt.\u201c<\/span><\/p>\n<p><span style=\"font-weight: 400;\">Pilarczyk sieht in dieser Einstellung ein \u201ePas de deux\u201c der zwei Kameras \u2013 wie sind Bolm und sein Team da vorgegangen?<\/span><\/p>\n<p><span style=\"font-weight: 400;\">Bolm erz\u00e4hlt, dass Anton zu diesem Zeitpunkt mit Youtube aufh\u00f6ren und Hollywood-Blockbuster-Regisseur werden wollte. Er fand diese Leidenschaft faszinierend, \u201ewie Anton in etwas Neues hineingeht.\u201c Mit langen Einstellungen und dem Mitgehen der Kamerabewegung Antons brachen die beiden Kamera\u00e4sthetiken auf. Es entsteht im Film eine Spannung, die kontr\u00e4r l\u00e4uft zu dem, was Anton macht, der sich in seinen Videos immer selbst inszeniert. \u201eWie konnten sie sich da mit Antons \u00e4sthetischen Vorgaben arrangieren?\u201c, fragt Pilarczyk. Bolm sagt, Anton kannte Gerd Breiter schon und hatte Respekt vor dessen Kameraarbeit, also gab es keine Vorgaben. Sie h\u00e4tten zwar viele Interviews gef\u00fchrt, aber genau bei diesen Bewegungen konnte man mehr \u00fcber Anton ergr\u00fcnden.<\/span><\/p>\n<p><span style=\"font-weight: 400;\"> <a href=\"https:\/\/www.do-xs.de\/doku-klasse\/wp-content\/uploads\/DFW46-4841.jpg\"><img loading=\"lazy\" decoding=\"async\" class=\"aligncenter size-medium wp-image-2567\" src=\"https:\/\/www.do-xs.de\/doku-klasse\/wp-content\/uploads\/DFW46-4841-400x267.jpg\" alt=\"\" width=\"400\" height=\"267\" srcset=\"https:\/\/www.do-xs.de\/documasterclass\/wp-content\/uploads\/DFW46-4841-400x267.jpg 400w, https:\/\/www.do-xs.de\/documasterclass\/wp-content\/uploads\/DFW46-4841-1200x800.jpg 1200w, https:\/\/www.do-xs.de\/documasterclass\/wp-content\/uploads\/DFW46-4841-768x512.jpg 768w, https:\/\/www.do-xs.de\/documasterclass\/wp-content\/uploads\/DFW46-4841-1536x1024.jpg 1536w, https:\/\/www.do-xs.de\/documasterclass\/wp-content\/uploads\/DFW46-4841-840x560.jpg 840w, https:\/\/www.do-xs.de\/documasterclass\/wp-content\/uploads\/DFW46-4841.jpg 2000w\" sizes=\"auto, (max-width: 400px) 100vw, 400px\" \/><\/a><\/span><\/p>\n<p><span style=\"font-weight: 400;\">Das komplette Protokoll von Marius Hrdy findet sich auf <a href=\"https:\/\/protokult.de\/2022\/das-bild-in-der-hand-dokumentarische-zugaenge-zum-bildregime-social-media\/\">protokult.de<\/a>.<\/span><\/p>\n<p><br style=\"font-weight: 400;\" \/><br \/>\n<br style=\"font-weight: 400;\" \/><\/p>\n","protected":false},"excerpt":{"rendered":"<p>2017 waren Andreas Bolm und Gerd Breiter mit \u201cMein letztes Video\u201d zu Gast in der doku.klasse. Darin portr\u00e4tieren sie einen erfolgreichen YouTuber. Im Rahmen des von der Duisburger Filmwoche und doxs! gemeinsam veranstalteten 3sat Extras \u201eDas Bild in der Hand\u201c gab es im November 2022 ein Wiedersehen mit Andreas Bolm. Ausz\u00fcge aus dem Gespr\u00e4chsprotokoll. Schon immer war die Medienkompetenz von Protagonist*innen eine Herausforderung dokumentarischen Arbeitens \u2013 durch die Omnipr\u00e4senz und Demokratisierung der Bilder in den Sozialen Medien hat sie eine neue Qualit\u00e4t erreicht. Wie gehen Dokumentarfilmer*innen damit um? Wie und wie so jemanden portr\u00e4tieren, der bereits eigenst\u00e4ndig ein Bild von sich in die Welt sendet? Welches Potenzial liegt in der vermeintlichen Konkurrenz der Bildregime?\u00a0 Diese Fragen diskutieren Andreas Bolm und die Editorin Yana H\u00f6hnerbach (Searching Eva) in dem 3sat Extra Das Bild in der Hand. Dokumentarische Zug\u00e4nge zum Bildregime Social Media, das von der SPIEGEL-Redakteurin Hannah Pilarczyk moderiert wird. \u00a0Nach einem Ausschnitt aus Mein letztes Video, in dem die Hauptfigur Anton sagt, sie wolle Regisseur werden, fragt Pilarczyk Bolm: \u201eWie begegnet man einem Protagonisten, der &hellip;<\/p>\n","protected":false},"author":9,"featured_media":2564,"comment_status":"closed","ping_status":"open","sticky":false,"template":"","format":"standard","meta":{"_jetpack_memberships_contains_paid_content":false,"footnotes":""},"categories":[45],"tags":[39,150,151],"class_list":["post-2563","post","type-post","status-publish","format-standard","has-post-thumbnail","hentry","category-archiv","tag-3sat","tag-duisburger-filmwoche","tag-portraet"],"jetpack_featured_media_url":"https:\/\/www.do-xs.de\/documasterclass\/wp-content\/uploads\/FAVE_DFW46-4900.jpg","jetpack_sharing_enabled":true,"_links":{"self":[{"href":"https:\/\/www.do-xs.de\/documasterclass\/wp-json\/wp\/v2\/posts\/2563","targetHints":{"allow":["GET"]}}],"collection":[{"href":"https:\/\/www.do-xs.de\/documasterclass\/wp-json\/wp\/v2\/posts"}],"about":[{"href":"https:\/\/www.do-xs.de\/documasterclass\/wp-json\/wp\/v2\/types\/post"}],"author":[{"embeddable":true,"href":"https:\/\/www.do-xs.de\/documasterclass\/wp-json\/wp\/v2\/users\/9"}],"replies":[{"embeddable":true,"href":"https:\/\/www.do-xs.de\/documasterclass\/wp-json\/wp\/v2\/comments?post=2563"}],"version-history":[{"count":3,"href":"https:\/\/www.do-xs.de\/documasterclass\/wp-json\/wp\/v2\/posts\/2563\/revisions"}],"predecessor-version":[{"id":2592,"href":"https:\/\/www.do-xs.de\/documasterclass\/wp-json\/wp\/v2\/posts\/2563\/revisions\/2592"}],"wp:featuredmedia":[{"embeddable":true,"href":"https:\/\/www.do-xs.de\/documasterclass\/wp-json\/wp\/v2\/media\/2564"}],"wp:attachment":[{"href":"https:\/\/www.do-xs.de\/documasterclass\/wp-json\/wp\/v2\/media?parent=2563"}],"wp:term":[{"taxonomy":"category","embeddable":true,"href":"https:\/\/www.do-xs.de\/documasterclass\/wp-json\/wp\/v2\/categories?post=2563"},{"taxonomy":"post_tag","embeddable":true,"href":"https:\/\/www.do-xs.de\/documasterclass\/wp-json\/wp\/v2\/tags?post=2563"}],"curies":[{"name":"wp","href":"https:\/\/api.w.org\/{rel}","templated":true}]}}